
			
				
				
					
				

			
		{"items":"\n\t\t\t\t\t\t\t\t\t\t\t\n<article id=\"post-70034\" class=\"blog-design-small-images blog-post-loop blog-style-bg wd-add-shadow post-70034 post type-post status-publish format-standard has-post-thumbnail hentry category-ozel-akhisar-koleji-ortaokulu tag-erasmus-2 tag-tales\">\n\t<div class=\"article-inner\">\n\t\t\t\t\t<header class=\"entry-header\">\n\t\t\t\t\t\t\t\t\t\n\t\t\t\t\t<figure id=\"carousel-392\" class=\"entry-thumbnail\" data-owl-carousel data-hide_pagination_control=\"yes\" data-desktop=\"1\" data-tablet=\"1\" data-tablet_landscape=\"1\" data-mobile=\"1\">\n\t\t\t\t\t\t\n\t\t\t\t\t\t\t<div class=\"post-img-wrapp\">\n\t\t\t\t\t\t\t\t<a href=\"https:\/\/akhisarkoleji.com\/akhisar-koleji-ogrencileri-belgradda\/\">\n\t\t\t\t\t\t\t\t\t<img width=\"768\" height=\"512\" src=\"https:\/\/akhisarkoleji.com\/wp-content\/uploads\/2023\/03\/WhatsApp-Image-2023-03-17-at-14.20.05.jpeg\" class=\"attachment-large wp-post-image attachment-large\" alt=\"\" title=\"WhatsApp-Image-2023-03-17-at-14.20.05\" decoding=\"async\" fetchpriority=\"high\" srcset=\"https:\/\/akhisarkoleji.com\/wp-content\/uploads\/2023\/03\/WhatsApp-Image-2023-03-17-at-14.20.05.jpeg 768w, https:\/\/akhisarkoleji.com\/wp-content\/uploads\/2023\/03\/WhatsApp-Image-2023-03-17-at-14.20.05-300x200.jpeg 300w\" sizes=\"(max-width: 768px) 100vw, 768px\" \/>\t\t\t\t\t\t\t\t<\/a>\n\t\t\t\t\t\t\t<\/div>\n\t\t\t\t\t\t\t<div class=\"post-image-mask\">\n\t\t\t\t\t\t\t\t<span><\/span>\n\t\t\t\t\t\t\t<\/div>\n\n\t\t\t\t\t\t\n\t\t\t\t\t<\/figure>\n\t\t\t\t\n\t\t\t\t\t\t\t\t\t\t\t\t<div class=\"post-date wd-post-date wd-style-with-bg\" onclick=\"\">\n\t\t\t\t<span class=\"post-date-day\">\n\t\t\t\t\t09\t\t\t\t<\/span>\n\t\t\t\t<span class=\"post-date-month\">\n\t\t\t\t\tMar\t\t\t\t<\/span>\n\t\t\t<\/div>\n\t\t\t\t\t\t\n\t\t\t<\/header><!-- .entry-header -->\n\n\t\t<div class=\"article-body-container\">\n\t\t\t\n\t\t\t\t\t\t\t\t\t<div class=\"meta-categories-wrapp\"><div class=\"meta-post-categories wd-post-cat wd-style-with-bg\"><a href=\"https:\/\/akhisarkoleji.com\/akhisar-koleji\/ozel-akhisar-koleji-ortaokulu\/\" rel=\"category tag\">Ortaokul<\/a><\/div><\/div>\n\t\t\t\t\n\t\t\t\t\t\t\t\t\t<h3 class=\"wd-entities-title title post-title\">\n\t\t\t\t\t\t<a href=\"https:\/\/akhisarkoleji.com\/akhisar-koleji-ogrencileri-belgradda\/\" rel=\"bookmark\">AKH\u0130SAR KOLEJ\u0130 \u00d6\u011eRENC\u0130LER\u0130 BELGRAD&#8217;DA<\/a>\n\t\t\t\t\t<\/h3>\n\t\t\t\t\n\t\t\t\t\t\t\t\t\t<div class=\"entry-meta wd-entry-meta\">\n\t\t\t\t\t\t\t\t\t<ul class=\"entry-meta-list\">\n\t\t\t\t\t\t\t\t\t<li class=\"modified-date\">\n\t\t\t\t\t\t\t\t<time class=\"updated\" datetime=\"2023-03-17T14:21:33+03:00\">\n\t\t\t17\/03\/2023\t\t<\/time>\n\t\t\t\t\t\t\t<\/li>\n\n\t\t\t\t\t\n\t\t\t\t\t\t\t\t\t\t\t<li class=\"meta-author\">\n\t\t\t\t\t\t\t\t\t<span>\n\t\t\t\t\t\t\tBy\t\t\t\t\t<\/span>\n\n\t\t\t\t\t<img alt='author-avatar' src='https:\/\/secure.gravatar.com\/avatar\/d25d40e00b72061d5ba43d24263c95e3?s=32&#038;d=mm&#038;r=g' srcset='https:\/\/secure.gravatar.com\/avatar\/d25d40e00b72061d5ba43d24263c95e3?s=64&#038;d=mm&#038;r=g 2x' class='avatar avatar-32 photo' height='32' width='32' decoding='async'\/>\t\t\n\t\t<a href=\"https:\/\/akhisarkoleji.com\/author\/evrim\/\" rel=\"author\">\n\t\t\t<span class=\"vcard author author_name\">\n\t\t\t\t<span class=\"fn\">Haber Merkezi<\/span>\n\t\t\t<\/span>\n\t\t<\/a>\n\t\t\t\t\t\t\t\t<\/li>\n\t\t\t\t\t\n\t\t\t\t\t\n\t\t\t\t\t\t\t\t\t\t\t<li class=\"meta-reply\">\n\t\t\t\t\t\t\t<a href=\"https:\/\/akhisarkoleji.com\/akhisar-koleji-ogrencileri-belgradda\/#respond\"><span class=\"replies-count\">0<\/span> <span class=\"replies-count-label\">comments<\/span><\/a>\t\t\t\t\t\t<\/li>\n\t\t\t\t\t\t\t\t\t\t\t\t<\/ul>\n\t\t\t\t\t\t\t<\/div><!-- .entry-meta -->\n\t\t\t\t\t\t\t\t\t\t\t<div class=\"hovered-social-icons wd-tltp wd-tltp-top\">\n\t\t\t\t\t\t\t<div class=\"wd-tooltip-label\">\n\t\t\t\t\t\t\t\t\t\t\t<link rel=\"stylesheet\" id=\"wd-social-icons-css\" href=\"https:\/\/akhisarkoleji.com\/wp-content\/themes\/woodmartx\/css\/parts\/el-social-icons.min.css?ver=7.2.4\" type=\"text\/css\" media=\"all\" \/> \t\t\t\n\t\t\t<div class=\"wd-social-icons  icons-design-default icons-size-small color-scheme-light social-share social-form-circle text-center\">\n\n\t\t\t\t\n\t\t\t\t\t\t\t\t\t<a rel=\"noopener noreferrer nofollow\" href=\"https:\/\/www.facebook.com\/sharer\/sharer.php?u=https:\/\/akhisarkoleji.com\/akhisar-koleji-ogrencileri-belgradda\/\" target=\"_blank\" class=\" wd-social-icon social-facebook\" aria-label=\"Facebook social link\">\n\t\t\t\t\t\t<span class=\"wd-icon\"><\/span>\n\t\t\t\t\t\t\t\t\t\t\t<\/a>\n\t\t\t\t\n\t\t\t\t\t\t\t\t\t<a rel=\"noopener noreferrer nofollow\" href=\"https:\/\/twitter.com\/share?url=https:\/\/akhisarkoleji.com\/akhisar-koleji-ogrencileri-belgradda\/\" target=\"_blank\" class=\" wd-social-icon social-twitter\" aria-label=\"Twitter social link\">\n\t\t\t\t\t\t<span class=\"wd-icon\"><\/span>\n\t\t\t\t\t\t\t\t\t\t\t<\/a>\n\t\t\t\t\n\t\t\t\t\n\t\t\t\t\n\t\t\t\t\n\t\t\t\t\t\t\t\t\t<a rel=\"noopener noreferrer nofollow\" href=\"https:\/\/pinterest.com\/pin\/create\/button\/?url=https:\/\/akhisarkoleji.com\/akhisar-koleji-ogrencileri-belgradda\/&media=https:\/\/akhisarkoleji.com\/wp-content\/uploads\/2023\/03\/WhatsApp-Image-2023-03-17-at-14.20.05.jpeg&description=AKH%C4%B0SAR+KOLEJ%C4%B0+%C3%96%C4%9ERENC%C4%B0LER%C4%B0+BELGRAD%26%238217%3BDA\" target=\"_blank\" class=\" wd-social-icon social-pinterest\" aria-label=\"Pinterest social link\">\n\t\t\t\t\t\t<span class=\"wd-icon\"><\/span>\n\t\t\t\t\t\t\t\t\t\t\t<\/a>\n\t\t\t\t\n\t\t\t\t\n\t\t\t\t\t\t\t\t\t<a rel=\"noopener noreferrer nofollow\" href=\"https:\/\/www.linkedin.com\/shareArticle?mini=true&url=https:\/\/akhisarkoleji.com\/akhisar-koleji-ogrencileri-belgradda\/\" target=\"_blank\" class=\" wd-social-icon social-linkedin\" aria-label=\"Linkedin social link\">\n\t\t\t\t\t\t<span class=\"wd-icon\"><\/span>\n\t\t\t\t\t\t\t\t\t\t\t<\/a>\n\t\t\t\t\n\t\t\t\t\n\t\t\t\t\n\t\t\t\t\n\t\t\t\t\n\t\t\t\t\n\t\t\t\t\n\t\t\t\t\n\t\t\t\t\n\t\t\t\t\n\t\t\t\t\t\t\t\t\n\t\t\t\t\t\t\t\t\n\t\t\t\t\n\t\t\t\t\t\t\t\t\t<a rel=\"noopener noreferrer nofollow\" href=\"https:\/\/telegram.me\/share\/url?url=https:\/\/akhisarkoleji.com\/akhisar-koleji-ogrencileri-belgradda\/\" target=\"_blank\" class=\" wd-social-icon social-tg\" aria-label=\"Telegram social link\">\n\t\t\t\t\t\t<span class=\"wd-icon\"><\/span>\n\t\t\t\t\t\t\t\t\t\t\t<\/a>\n\t\t\t\t\t\t\t\t\n\t\t\t\t\n\t\t\t<\/div>\n\n\t\t\t\t\t\t\t\t\t<\/div>\n\t\t\t\t\t\t<\/div>\n\t\t\t\t\t\t\t\t\t\t\t\t\n\t\t\t\t\t\t\t<div class=\"entry-content wd-entry-content\">\n\t\t\t\t\t\nAKH\u0130SAR KOLEJ\u0130 ERASMUS+ \u00d6\u011eRENC\u0130LER\u0130 BELGRAD'DA \u00dcNL\u00dc \u00c7OCUK YAZARI \u0130LE AT\u00d6LYE \u00c7ALI\u015eMASINDA\n\n\n...<p class=\"read-more-section\"><a class=\"btn-read-more more-link\" href=\"https:\/\/akhisarkoleji.com\/akhisar-koleji-ogrencileri-belgradda\/\">Continue reading<\/a><\/p>\t\t\t\t\t\t\t\t\t<\/div><!-- .entry-content -->\n\t\t\t\n\t\t\t\n\t\t\t\t\t<\/div>\n\t<\/div>\n<\/article><!-- #post -->\n\n\n\t\t\t\t\t\t\t\t\t\t\t\n<article id=\"post-70005\" class=\"blog-design-small-images blog-post-loop blog-style-bg wd-add-shadow post-70005 post type-post status-publish format-standard has-post-thumbnail hentry category-ozel-akhisar-koleji-ortaokulu tag-erasmus tag-tales\">\n\t<div class=\"article-inner\">\n\t\t\t\t\t<header class=\"entry-header\">\n\t\t\t\t\t\t\t\t\t\n\t\t\t\t\t<figure id=\"carousel-759\" class=\"entry-thumbnail\" data-owl-carousel data-hide_pagination_control=\"yes\" data-desktop=\"1\" data-tablet=\"1\" data-tablet_landscape=\"1\" data-mobile=\"1\">\n\t\t\t\t\t\t\n\t\t\t\t\t\t\t<div class=\"post-img-wrapp\">\n\t\t\t\t\t\t\t\t<a href=\"https:\/\/akhisarkoleji.com\/akhisar-koleji-ortaokulu-sirbistanin-basketi-belgrad-da-2-calisma-gununu-tamamladi\/\">\n\t\t\t\t\t\t\t\t\t<img width=\"1024\" height=\"768\" src=\"https:\/\/akhisarkoleji.com\/wp-content\/uploads\/2023\/03\/WhatsApp-Image-2023-03-17-at-14.18.23-1-1024x768.jpeg\" class=\"attachment-large wp-post-image attachment-large\" alt=\"\" title=\"WhatsApp-Image-2023-03-17-at-14.18.23-1\" decoding=\"async\" srcset=\"https:\/\/akhisarkoleji.com\/wp-content\/uploads\/2023\/03\/WhatsApp-Image-2023-03-17-at-14.18.23-1-1024x768.jpeg 1024w, https:\/\/akhisarkoleji.com\/wp-content\/uploads\/2023\/03\/WhatsApp-Image-2023-03-17-at-14.18.23-1-300x225.jpeg 300w, https:\/\/akhisarkoleji.com\/wp-content\/uploads\/2023\/03\/WhatsApp-Image-2023-03-17-at-14.18.23-1-768x576.jpeg 768w, https:\/\/akhisarkoleji.com\/wp-content\/uploads\/2023\/03\/WhatsApp-Image-2023-03-17-at-14.18.23-1-1536x1152.jpeg 1536w, https:\/\/akhisarkoleji.com\/wp-content\/uploads\/2023\/03\/WhatsApp-Image-2023-03-17-at-14.18.23-1.jpeg 2000w\" sizes=\"(max-width: 1024px) 100vw, 1024px\" \/>\t\t\t\t\t\t\t\t<\/a>\n\t\t\t\t\t\t\t<\/div>\n\t\t\t\t\t\t\t<div class=\"post-image-mask\">\n\t\t\t\t\t\t\t\t<span><\/span>\n\t\t\t\t\t\t\t<\/div>\n\n\t\t\t\t\t\t\n\t\t\t\t\t<\/figure>\n\t\t\t\t\n\t\t\t\t\t\t\t\t\t\t\t\t<div class=\"post-date wd-post-date wd-style-with-bg\" onclick=\"\">\n\t\t\t\t<span class=\"post-date-day\">\n\t\t\t\t\t08\t\t\t\t<\/span>\n\t\t\t\t<span class=\"post-date-month\">\n\t\t\t\t\tMar\t\t\t\t<\/span>\n\t\t\t<\/div>\n\t\t\t\t\t\t\n\t\t\t<\/header><!-- .entry-header -->\n\n\t\t<div class=\"article-body-container\">\n\t\t\t\n\t\t\t\t\t\t\t\t\t<div class=\"meta-categories-wrapp\"><div class=\"meta-post-categories wd-post-cat wd-style-with-bg\"><a href=\"https:\/\/akhisarkoleji.com\/akhisar-koleji\/ozel-akhisar-koleji-ortaokulu\/\" rel=\"category tag\">Ortaokul<\/a><\/div><\/div>\n\t\t\t\t\n\t\t\t\t\t\t\t\t\t<h3 class=\"wd-entities-title title post-title\">\n\t\t\t\t\t\t<a href=\"https:\/\/akhisarkoleji.com\/akhisar-koleji-ortaokulu-sirbistanin-basketi-belgrad-da-2-calisma-gununu-tamamladi\/\" rel=\"bookmark\">BELGRAD&#8217;DA 2. \u00c7ALI\u015eMA G\u00dcN\u00dcN\u00dc TAMAMLADIK<\/a>\n\t\t\t\t\t<\/h3>\n\t\t\t\t\n\t\t\t\t\t\t\t\t\t<div class=\"entry-meta wd-entry-meta\">\n\t\t\t\t\t\t\t\t\t<ul class=\"entry-meta-list\">\n\t\t\t\t\t\t\t\t\t<li class=\"modified-date\">\n\t\t\t\t\t\t\t\t<time class=\"updated\" datetime=\"2023-03-17T14:25:31+03:00\">\n\t\t\t17\/03\/2023\t\t<\/time>\n\t\t\t\t\t\t\t<\/li>\n\n\t\t\t\t\t\n\t\t\t\t\t\t\t\t\t\t\t<li class=\"meta-author\">\n\t\t\t\t\t\t\t\t\t<span>\n\t\t\t\t\t\t\tBy\t\t\t\t\t<\/span>\n\n\t\t\t\t\t<img alt='author-avatar' src='https:\/\/secure.gravatar.com\/avatar\/d25d40e00b72061d5ba43d24263c95e3?s=32&#038;d=mm&#038;r=g' srcset='https:\/\/secure.gravatar.com\/avatar\/d25d40e00b72061d5ba43d24263c95e3?s=64&#038;d=mm&#038;r=g 2x' class='avatar avatar-32 photo' height='32' width='32' loading='lazy' decoding='async'\/>\t\t\n\t\t<a href=\"https:\/\/akhisarkoleji.com\/author\/evrim\/\" rel=\"author\">\n\t\t\t<span class=\"vcard author author_name\">\n\t\t\t\t<span class=\"fn\">Haber Merkezi<\/span>\n\t\t\t<\/span>\n\t\t<\/a>\n\t\t\t\t\t\t\t\t<\/li>\n\t\t\t\t\t\n\t\t\t\t\t\n\t\t\t\t\t\t\t\t\t\t\t<li class=\"meta-reply\">\n\t\t\t\t\t\t\t<a href=\"https:\/\/akhisarkoleji.com\/akhisar-koleji-ortaokulu-sirbistanin-basketi-belgrad-da-2-calisma-gununu-tamamladi\/#respond\"><span class=\"replies-count\">0<\/span> <span class=\"replies-count-label\">comments<\/span><\/a>\t\t\t\t\t\t<\/li>\n\t\t\t\t\t\t\t\t\t\t\t\t<\/ul>\n\t\t\t\t\t\t\t<\/div><!-- .entry-meta -->\n\t\t\t\t\t\t\t\t\t\t\t<div class=\"hovered-social-icons wd-tltp wd-tltp-top\">\n\t\t\t\t\t\t\t<div class=\"wd-tooltip-label\">\n\t\t\t\t\t\t\t\t\n\t\t\t<div class=\"wd-social-icons  icons-design-default icons-size-small color-scheme-light social-share social-form-circle text-center\">\n\n\t\t\t\t\n\t\t\t\t\t\t\t\t\t<a rel=\"noopener noreferrer nofollow\" href=\"https:\/\/www.facebook.com\/sharer\/sharer.php?u=https:\/\/akhisarkoleji.com\/akhisar-koleji-ortaokulu-sirbistanin-basketi-belgrad-da-2-calisma-gununu-tamamladi\/\" target=\"_blank\" class=\" wd-social-icon social-facebook\" aria-label=\"Facebook social link\">\n\t\t\t\t\t\t<span class=\"wd-icon\"><\/span>\n\t\t\t\t\t\t\t\t\t\t\t<\/a>\n\t\t\t\t\n\t\t\t\t\t\t\t\t\t<a rel=\"noopener noreferrer nofollow\" href=\"https:\/\/twitter.com\/share?url=https:\/\/akhisarkoleji.com\/akhisar-koleji-ortaokulu-sirbistanin-basketi-belgrad-da-2-calisma-gununu-tamamladi\/\" target=\"_blank\" class=\" wd-social-icon social-twitter\" aria-label=\"Twitter social link\">\n\t\t\t\t\t\t<span class=\"wd-icon\"><\/span>\n\t\t\t\t\t\t\t\t\t\t\t<\/a>\n\t\t\t\t\n\t\t\t\t\n\t\t\t\t\n\t\t\t\t\n\t\t\t\t\t\t\t\t\t<a rel=\"noopener noreferrer nofollow\" href=\"https:\/\/pinterest.com\/pin\/create\/button\/?url=https:\/\/akhisarkoleji.com\/akhisar-koleji-ortaokulu-sirbistanin-basketi-belgrad-da-2-calisma-gununu-tamamladi\/&media=https:\/\/akhisarkoleji.com\/wp-content\/uploads\/2023\/03\/WhatsApp-Image-2023-03-17-at-14.18.23-1.jpeg&description=BELGRAD%26%238217%3BDA+2.+%C3%87ALI%C5%9EMA+G%C3%9CN%C3%9CN%C3%9C+TAMAMLADIK\" target=\"_blank\" class=\" wd-social-icon social-pinterest\" aria-label=\"Pinterest social link\">\n\t\t\t\t\t\t<span class=\"wd-icon\"><\/span>\n\t\t\t\t\t\t\t\t\t\t\t<\/a>\n\t\t\t\t\n\t\t\t\t\n\t\t\t\t\t\t\t\t\t<a rel=\"noopener noreferrer nofollow\" href=\"https:\/\/www.linkedin.com\/shareArticle?mini=true&url=https:\/\/akhisarkoleji.com\/akhisar-koleji-ortaokulu-sirbistanin-basketi-belgrad-da-2-calisma-gununu-tamamladi\/\" target=\"_blank\" class=\" wd-social-icon social-linkedin\" aria-label=\"Linkedin social link\">\n\t\t\t\t\t\t<span class=\"wd-icon\"><\/span>\n\t\t\t\t\t\t\t\t\t\t\t<\/a>\n\t\t\t\t\n\t\t\t\t\n\t\t\t\t\n\t\t\t\t\n\t\t\t\t\n\t\t\t\t\n\t\t\t\t\n\t\t\t\t\n\t\t\t\t\n\t\t\t\t\n\t\t\t\t\t\t\t\t\n\t\t\t\t\t\t\t\t\n\t\t\t\t\n\t\t\t\t\t\t\t\t\t<a rel=\"noopener noreferrer nofollow\" href=\"https:\/\/telegram.me\/share\/url?url=https:\/\/akhisarkoleji.com\/akhisar-koleji-ortaokulu-sirbistanin-basketi-belgrad-da-2-calisma-gununu-tamamladi\/\" target=\"_blank\" class=\" wd-social-icon social-tg\" aria-label=\"Telegram social link\">\n\t\t\t\t\t\t<span class=\"wd-icon\"><\/span>\n\t\t\t\t\t\t\t\t\t\t\t<\/a>\n\t\t\t\t\t\t\t\t\n\t\t\t\t\n\t\t\t<\/div>\n\n\t\t\t\t\t\t\t\t\t<\/div>\n\t\t\t\t\t\t<\/div>\n\t\t\t\t\t\t\t\t\t\t\t\t\n\t\t\t\t\t\t\t<div class=\"entry-content wd-entry-content\">\n\t\t\t\t\t\nProje Koordinat\u00f6r\u00fc \u0130lknur Tercan, \u0130ngilizce \u00f6gretmeni \u015eebnem \u00c7akatay ve ortaokul \u00f6grencilerinden Esila Deviren, E...<p class=\"read-more-section\"><a class=\"btn-read-more more-link\" href=\"https:\/\/akhisarkoleji.com\/akhisar-koleji-ortaokulu-sirbistanin-basketi-belgrad-da-2-calisma-gununu-tamamladi\/\">Continue reading<\/a><\/p>\t\t\t\t\t\t\t\t\t<\/div><!-- .entry-content -->\n\t\t\t\n\t\t\t\n\t\t\t\t\t<\/div>\n\t<\/div>\n<\/article><!-- #post -->\n\n\n\t\t\t\t\t\t\t\t\t\t\t\n<article id=\"post-69977\" class=\"blog-design-small-images blog-post-loop blog-style-bg wd-add-shadow post-69977 post type-post status-publish format-standard has-post-thumbnail hentry category-ozel-akhisar-koleji-ortaokulu tag-erasmus-2 tag-tales-2\">\n\t<div class=\"article-inner\">\n\t\t\t\t\t<header class=\"entry-header\">\n\t\t\t\t\t\t\t\t\t\n\t\t\t\t\t<figure id=\"carousel-799\" class=\"entry-thumbnail\" data-owl-carousel data-hide_pagination_control=\"yes\" data-desktop=\"1\" data-tablet=\"1\" data-tablet_landscape=\"1\" data-mobile=\"1\">\n\t\t\t\t\t\t\n\t\t\t\t\t\t\t<div class=\"post-img-wrapp\">\n\t\t\t\t\t\t\t\t<a href=\"https:\/\/akhisarkoleji.com\/akhisar-koleji-ortaokulu-sirbistanda\/\">\n\t\t\t\t\t\t\t\t\t<img width=\"1024\" height=\"768\" src=\"https:\/\/akhisarkoleji.com\/wp-content\/uploads\/2023\/03\/IMG-20230306-WA0054-1024x768.jpg\" class=\"attachment-large wp-post-image attachment-large\" alt=\"\" title=\"IMG-20230306-WA0054\" decoding=\"async\" loading=\"lazy\" srcset=\"https:\/\/akhisarkoleji.com\/wp-content\/uploads\/2023\/03\/IMG-20230306-WA0054-1024x768.jpg 1024w, https:\/\/akhisarkoleji.com\/wp-content\/uploads\/2023\/03\/IMG-20230306-WA0054-300x225.jpg 300w, https:\/\/akhisarkoleji.com\/wp-content\/uploads\/2023\/03\/IMG-20230306-WA0054-768x576.jpg 768w, https:\/\/akhisarkoleji.com\/wp-content\/uploads\/2023\/03\/IMG-20230306-WA0054-1536x1152.jpg 1536w, https:\/\/akhisarkoleji.com\/wp-content\/uploads\/2023\/03\/IMG-20230306-WA0054.jpg 1600w\" sizes=\"(max-width: 1024px) 100vw, 1024px\" \/>\t\t\t\t\t\t\t\t<\/a>\n\t\t\t\t\t\t\t<\/div>\n\t\t\t\t\t\t\t<div class=\"post-image-mask\">\n\t\t\t\t\t\t\t\t<span><\/span>\n\t\t\t\t\t\t\t<\/div>\n\n\t\t\t\t\t\t\n\t\t\t\t\t<\/figure>\n\t\t\t\t\n\t\t\t\t\t\t\t\t\t\t\t\t<div class=\"post-date wd-post-date wd-style-with-bg\" onclick=\"\">\n\t\t\t\t<span class=\"post-date-day\">\n\t\t\t\t\t06\t\t\t\t<\/span>\n\t\t\t\t<span class=\"post-date-month\">\n\t\t\t\t\tMar\t\t\t\t<\/span>\n\t\t\t<\/div>\n\t\t\t\t\t\t\n\t\t\t<\/header><!-- .entry-header -->\n\n\t\t<div class=\"article-body-container\">\n\t\t\t\n\t\t\t\t\t\t\t\t\t<div class=\"meta-categories-wrapp\"><div class=\"meta-post-categories wd-post-cat wd-style-with-bg\"><a href=\"https:\/\/akhisarkoleji.com\/akhisar-koleji\/ozel-akhisar-koleji-ortaokulu\/\" rel=\"category tag\">Ortaokul<\/a><\/div><\/div>\n\t\t\t\t\n\t\t\t\t\t\t\t\t\t<h3 class=\"wd-entities-title title post-title\">\n\t\t\t\t\t\t<a href=\"https:\/\/akhisarkoleji.com\/akhisar-koleji-ortaokulu-sirbistanda\/\" rel=\"bookmark\">AKH\u0130SAR KOLEJ\u0130 ORTAOKULU SIRB\u0130STAN&#8217;DA<\/a>\n\t\t\t\t\t<\/h3>\n\t\t\t\t\n\t\t\t\t\t\t\t\t\t<div class=\"entry-meta wd-entry-meta\">\n\t\t\t\t\t\t\t\t\t<ul class=\"entry-meta-list\">\n\t\t\t\t\t\t\t\t\t<li class=\"modified-date\">\n\t\t\t\t\t\t\t\t<time class=\"updated\" datetime=\"2023-03-07T12:11:44+03:00\">\n\t\t\t07\/03\/2023\t\t<\/time>\n\t\t\t\t\t\t\t<\/li>\n\n\t\t\t\t\t\n\t\t\t\t\t\t\t\t\t\t\t<li class=\"meta-author\">\n\t\t\t\t\t\t\t\t\t<span>\n\t\t\t\t\t\t\tBy\t\t\t\t\t<\/span>\n\n\t\t\t\t\t<img alt='author-avatar' src='https:\/\/secure.gravatar.com\/avatar\/d25d40e00b72061d5ba43d24263c95e3?s=32&#038;d=mm&#038;r=g' srcset='https:\/\/secure.gravatar.com\/avatar\/d25d40e00b72061d5ba43d24263c95e3?s=64&#038;d=mm&#038;r=g 2x' class='avatar avatar-32 photo' height='32' width='32' loading='lazy' decoding='async'\/>\t\t\n\t\t<a href=\"https:\/\/akhisarkoleji.com\/author\/evrim\/\" rel=\"author\">\n\t\t\t<span class=\"vcard author author_name\">\n\t\t\t\t<span class=\"fn\">Haber Merkezi<\/span>\n\t\t\t<\/span>\n\t\t<\/a>\n\t\t\t\t\t\t\t\t<\/li>\n\t\t\t\t\t\n\t\t\t\t\t\n\t\t\t\t\t\t\t\t\t\t\t<li class=\"meta-reply\">\n\t\t\t\t\t\t\t<a href=\"https:\/\/akhisarkoleji.com\/akhisar-koleji-ortaokulu-sirbistanda\/#respond\"><span class=\"replies-count\">0<\/span> <span class=\"replies-count-label\">comments<\/span><\/a>\t\t\t\t\t\t<\/li>\n\t\t\t\t\t\t\t\t\t\t\t\t<\/ul>\n\t\t\t\t\t\t\t<\/div><!-- .entry-meta -->\n\t\t\t\t\t\t\t\t\t\t\t<div class=\"hovered-social-icons wd-tltp wd-tltp-top\">\n\t\t\t\t\t\t\t<div class=\"wd-tooltip-label\">\n\t\t\t\t\t\t\t\t\n\t\t\t<div class=\"wd-social-icons  icons-design-default icons-size-small color-scheme-light social-share social-form-circle text-center\">\n\n\t\t\t\t\n\t\t\t\t\t\t\t\t\t<a rel=\"noopener noreferrer nofollow\" href=\"https:\/\/www.facebook.com\/sharer\/sharer.php?u=https:\/\/akhisarkoleji.com\/akhisar-koleji-ortaokulu-sirbistanda\/\" target=\"_blank\" class=\" wd-social-icon social-facebook\" aria-label=\"Facebook social link\">\n\t\t\t\t\t\t<span class=\"wd-icon\"><\/span>\n\t\t\t\t\t\t\t\t\t\t\t<\/a>\n\t\t\t\t\n\t\t\t\t\t\t\t\t\t<a rel=\"noopener noreferrer nofollow\" href=\"https:\/\/twitter.com\/share?url=https:\/\/akhisarkoleji.com\/akhisar-koleji-ortaokulu-sirbistanda\/\" target=\"_blank\" class=\" wd-social-icon social-twitter\" aria-label=\"Twitter social link\">\n\t\t\t\t\t\t<span class=\"wd-icon\"><\/span>\n\t\t\t\t\t\t\t\t\t\t\t<\/a>\n\t\t\t\t\n\t\t\t\t\n\t\t\t\t\n\t\t\t\t\n\t\t\t\t\t\t\t\t\t<a rel=\"noopener noreferrer nofollow\" href=\"https:\/\/pinterest.com\/pin\/create\/button\/?url=https:\/\/akhisarkoleji.com\/akhisar-koleji-ortaokulu-sirbistanda\/&media=https:\/\/akhisarkoleji.com\/wp-content\/uploads\/2023\/03\/IMG-20230306-WA0054.jpg&description=AKH%C4%B0SAR+KOLEJ%C4%B0+ORTAOKULU+SIRB%C4%B0STAN%26%238217%3BDA\" target=\"_blank\" class=\" wd-social-icon social-pinterest\" aria-label=\"Pinterest social link\">\n\t\t\t\t\t\t<span class=\"wd-icon\"><\/span>\n\t\t\t\t\t\t\t\t\t\t\t<\/a>\n\t\t\t\t\n\t\t\t\t\n\t\t\t\t\t\t\t\t\t<a rel=\"noopener noreferrer nofollow\" href=\"https:\/\/www.linkedin.com\/shareArticle?mini=true&url=https:\/\/akhisarkoleji.com\/akhisar-koleji-ortaokulu-sirbistanda\/\" target=\"_blank\" class=\" wd-social-icon social-linkedin\" aria-label=\"Linkedin social link\">\n\t\t\t\t\t\t<span class=\"wd-icon\"><\/span>\n\t\t\t\t\t\t\t\t\t\t\t<\/a>\n\t\t\t\t\n\t\t\t\t\n\t\t\t\t\n\t\t\t\t\n\t\t\t\t\n\t\t\t\t\n\t\t\t\t\n\t\t\t\t\n\t\t\t\t\n\t\t\t\t\n\t\t\t\t\t\t\t\t\n\t\t\t\t\t\t\t\t\n\t\t\t\t\n\t\t\t\t\t\t\t\t\t<a rel=\"noopener noreferrer nofollow\" href=\"https:\/\/telegram.me\/share\/url?url=https:\/\/akhisarkoleji.com\/akhisar-koleji-ortaokulu-sirbistanda\/\" target=\"_blank\" class=\" wd-social-icon social-tg\" aria-label=\"Telegram social link\">\n\t\t\t\t\t\t<span class=\"wd-icon\"><\/span>\n\t\t\t\t\t\t\t\t\t\t\t<\/a>\n\t\t\t\t\t\t\t\t\n\t\t\t\t\n\t\t\t<\/div>\n\n\t\t\t\t\t\t\t\t\t<\/div>\n\t\t\t\t\t\t<\/div>\n\t\t\t\t\t\t\t\t\t\t\t\t\n\t\t\t\t\t\t\t<div class=\"entry-content wd-entry-content\">\n\t\t\t\t\t\nAvrupa Birli\u011fi ve T\u00fcrkiye Ulusal Ajans\u0131 taraf\u0131ndan kabul edilerek Akhisar'da uygulanan tek \u00f6zel okul projesi olan...<p class=\"read-more-section\"><a class=\"btn-read-more more-link\" href=\"https:\/\/akhisarkoleji.com\/akhisar-koleji-ortaokulu-sirbistanda\/\">Continue reading<\/a><\/p>\t\t\t\t\t\t\t\t\t<\/div><!-- .entry-content -->\n\t\t\t\n\t\t\t\n\t\t\t\t\t<\/div>\n\t<\/div>\n<\/article><!-- #post -->\n\n\n\t\t\t\t\t\t\t\t\t\t\t\n<article id=\"post-69186\" class=\"blog-design-small-images blog-post-loop blog-style-bg wd-add-shadow post-69186 post type-post status-publish format-standard has-post-thumbnail hentry category-ozel-akhisar-koleji-ortaokulu tag-erasmus\">\n\t<div class=\"article-inner\">\n\t\t\t\t\t<header class=\"entry-header\">\n\t\t\t\t\t\t\t\t\t\n\t\t\t\t\t<figure id=\"carousel-265\" class=\"entry-thumbnail\" data-owl-carousel data-hide_pagination_control=\"yes\" data-desktop=\"1\" data-tablet=\"1\" data-tablet_landscape=\"1\" data-mobile=\"1\">\n\t\t\t\t\t\t\n\t\t\t\t\t\t\t<div class=\"post-img-wrapp\">\n\t\t\t\t\t\t\t\t<a href=\"https:\/\/akhisarkoleji.com\/romanyada-son-calisma-gunu\/\">\n\t\t\t\t\t\t\t\t\t<img width=\"1024\" height=\"1024\" src=\"https:\/\/akhisarkoleji.com\/wp-content\/uploads\/2022\/10\/IMG-20221021-WA0041-1024x1024.jpg\" class=\"attachment-large wp-post-image attachment-large\" alt=\"\" title=\"IMG-20221021-WA0041\" decoding=\"async\" loading=\"lazy\" srcset=\"https:\/\/akhisarkoleji.com\/wp-content\/uploads\/2022\/10\/IMG-20221021-WA0041-1024x1024.jpg 1024w, https:\/\/akhisarkoleji.com\/wp-content\/uploads\/2022\/10\/IMG-20221021-WA0041-300x300.jpg 300w, https:\/\/akhisarkoleji.com\/wp-content\/uploads\/2022\/10\/IMG-20221021-WA0041-150x150.jpg 150w, https:\/\/akhisarkoleji.com\/wp-content\/uploads\/2022\/10\/IMG-20221021-WA0041-768x768.jpg 768w, https:\/\/akhisarkoleji.com\/wp-content\/uploads\/2022\/10\/IMG-20221021-WA0041-1536x1536.jpg 1536w, https:\/\/akhisarkoleji.com\/wp-content\/uploads\/2022\/10\/IMG-20221021-WA0041.jpg 1736w\" sizes=\"(max-width: 1024px) 100vw, 1024px\" \/>\t\t\t\t\t\t\t\t<\/a>\n\t\t\t\t\t\t\t<\/div>\n\t\t\t\t\t\t\t<div class=\"post-image-mask\">\n\t\t\t\t\t\t\t\t<span><\/span>\n\t\t\t\t\t\t\t<\/div>\n\n\t\t\t\t\t\t\n\t\t\t\t\t<\/figure>\n\t\t\t\t\n\t\t\t\t\t\t\t\t\t\t\t\t<div class=\"post-date wd-post-date wd-style-with-bg\" onclick=\"\">\n\t\t\t\t<span class=\"post-date-day\">\n\t\t\t\t\t22\t\t\t\t<\/span>\n\t\t\t\t<span class=\"post-date-month\">\n\t\t\t\t\tEki\t\t\t\t<\/span>\n\t\t\t<\/div>\n\t\t\t\t\t\t\n\t\t\t<\/header><!-- .entry-header -->\n\n\t\t<div class=\"article-body-container\">\n\t\t\t\n\t\t\t\t\t\t\t\t\t<div class=\"meta-categories-wrapp\"><div class=\"meta-post-categories wd-post-cat wd-style-with-bg\"><a href=\"https:\/\/akhisarkoleji.com\/akhisar-koleji\/ozel-akhisar-koleji-ortaokulu\/\" rel=\"category tag\">Ortaokul<\/a><\/div><\/div>\n\t\t\t\t\n\t\t\t\t\t\t\t\t\t<h3 class=\"wd-entities-title title post-title\">\n\t\t\t\t\t\t<a href=\"https:\/\/akhisarkoleji.com\/romanyada-son-calisma-gunu\/\" rel=\"bookmark\">ROMANYA&#8217;DA SON \u00c7ALI\u015eMA G\u00dcN\u00dc<\/a>\n\t\t\t\t\t<\/h3>\n\t\t\t\t\n\t\t\t\t\t\t\t\t\t<div class=\"entry-meta wd-entry-meta\">\n\t\t\t\t\t\t\t\t\t<ul class=\"entry-meta-list\">\n\t\t\t\t\t\t\t\t\t<li class=\"modified-date\">\n\t\t\t\t\t\t\t\t<time class=\"updated\" datetime=\"2022-10-25T15:49:58+03:00\">\n\t\t\t25\/10\/2022\t\t<\/time>\n\t\t\t\t\t\t\t<\/li>\n\n\t\t\t\t\t\n\t\t\t\t\t\t\t\t\t\t\t<li class=\"meta-author\">\n\t\t\t\t\t\t\t\t\t<span>\n\t\t\t\t\t\t\tBy\t\t\t\t\t<\/span>\n\n\t\t\t\t\t<img alt='author-avatar' src='https:\/\/secure.gravatar.com\/avatar\/d25d40e00b72061d5ba43d24263c95e3?s=32&#038;d=mm&#038;r=g' srcset='https:\/\/secure.gravatar.com\/avatar\/d25d40e00b72061d5ba43d24263c95e3?s=64&#038;d=mm&#038;r=g 2x' class='avatar avatar-32 photo' height='32' width='32' loading='lazy' decoding='async'\/>\t\t\n\t\t<a href=\"https:\/\/akhisarkoleji.com\/author\/evrim\/\" rel=\"author\">\n\t\t\t<span class=\"vcard author author_name\">\n\t\t\t\t<span class=\"fn\">Haber Merkezi<\/span>\n\t\t\t<\/span>\n\t\t<\/a>\n\t\t\t\t\t\t\t\t<\/li>\n\t\t\t\t\t\n\t\t\t\t\t\n\t\t\t\t\t\t\t\t\t\t\t<li class=\"meta-reply\">\n\t\t\t\t\t\t\t<a href=\"https:\/\/akhisarkoleji.com\/romanyada-son-calisma-gunu\/#respond\"><span class=\"replies-count\">0<\/span> <span class=\"replies-count-label\">comments<\/span><\/a>\t\t\t\t\t\t<\/li>\n\t\t\t\t\t\t\t\t\t\t\t\t<\/ul>\n\t\t\t\t\t\t\t<\/div><!-- .entry-meta -->\n\t\t\t\t\t\t\t\t\t\t\t<div class=\"hovered-social-icons wd-tltp wd-tltp-top\">\n\t\t\t\t\t\t\t<div class=\"wd-tooltip-label\">\n\t\t\t\t\t\t\t\t\n\t\t\t<div class=\"wd-social-icons  icons-design-default icons-size-small color-scheme-light social-share social-form-circle text-center\">\n\n\t\t\t\t\n\t\t\t\t\t\t\t\t\t<a rel=\"noopener noreferrer nofollow\" href=\"https:\/\/www.facebook.com\/sharer\/sharer.php?u=https:\/\/akhisarkoleji.com\/romanyada-son-calisma-gunu\/\" target=\"_blank\" class=\" wd-social-icon social-facebook\" aria-label=\"Facebook social link\">\n\t\t\t\t\t\t<span class=\"wd-icon\"><\/span>\n\t\t\t\t\t\t\t\t\t\t\t<\/a>\n\t\t\t\t\n\t\t\t\t\t\t\t\t\t<a rel=\"noopener noreferrer nofollow\" href=\"https:\/\/twitter.com\/share?url=https:\/\/akhisarkoleji.com\/romanyada-son-calisma-gunu\/\" target=\"_blank\" class=\" wd-social-icon social-twitter\" aria-label=\"Twitter social link\">\n\t\t\t\t\t\t<span class=\"wd-icon\"><\/span>\n\t\t\t\t\t\t\t\t\t\t\t<\/a>\n\t\t\t\t\n\t\t\t\t\n\t\t\t\t\n\t\t\t\t\n\t\t\t\t\t\t\t\t\t<a rel=\"noopener noreferrer nofollow\" href=\"https:\/\/pinterest.com\/pin\/create\/button\/?url=https:\/\/akhisarkoleji.com\/romanyada-son-calisma-gunu\/&media=https:\/\/akhisarkoleji.com\/wp-content\/uploads\/2022\/10\/IMG-20221021-WA0041.jpg&description=ROMANYA%26%238217%3BDA+SON+%C3%87ALI%C5%9EMA+G%C3%9CN%C3%9C\" target=\"_blank\" class=\" wd-social-icon social-pinterest\" aria-label=\"Pinterest social link\">\n\t\t\t\t\t\t<span class=\"wd-icon\"><\/span>\n\t\t\t\t\t\t\t\t\t\t\t<\/a>\n\t\t\t\t\n\t\t\t\t\n\t\t\t\t\t\t\t\t\t<a rel=\"noopener noreferrer nofollow\" href=\"https:\/\/www.linkedin.com\/shareArticle?mini=true&url=https:\/\/akhisarkoleji.com\/romanyada-son-calisma-gunu\/\" target=\"_blank\" class=\" wd-social-icon social-linkedin\" aria-label=\"Linkedin social link\">\n\t\t\t\t\t\t<span class=\"wd-icon\"><\/span>\n\t\t\t\t\t\t\t\t\t\t\t<\/a>\n\t\t\t\t\n\t\t\t\t\n\t\t\t\t\n\t\t\t\t\n\t\t\t\t\n\t\t\t\t\n\t\t\t\t\n\t\t\t\t\n\t\t\t\t\n\t\t\t\t\n\t\t\t\t\t\t\t\t\n\t\t\t\t\t\t\t\t\n\t\t\t\t\n\t\t\t\t\t\t\t\t\t<a rel=\"noopener noreferrer nofollow\" href=\"https:\/\/telegram.me\/share\/url?url=https:\/\/akhisarkoleji.com\/romanyada-son-calisma-gunu\/\" target=\"_blank\" class=\" wd-social-icon social-tg\" aria-label=\"Telegram social link\">\n\t\t\t\t\t\t<span class=\"wd-icon\"><\/span>\n\t\t\t\t\t\t\t\t\t\t\t<\/a>\n\t\t\t\t\t\t\t\t\n\t\t\t\t\n\t\t\t<\/div>\n\n\t\t\t\t\t\t\t\t\t<\/div>\n\t\t\t\t\t\t<\/div>\n\t\t\t\t\t\t\t\t\t\t\t\t\n\t\t\t\t\t\t\t<div class=\"entry-content wd-entry-content\">\n\t\t\t\t\t\nErasmus+ TALES projesi kapsam\u0131nda Romanya'n\u0131n Sibiu kentinde bulunan Akhisar Koleji \u00f6grenci ve \u00f6gretmenleri be\u015fin...<p class=\"read-more-section\"><a class=\"btn-read-more more-link\" href=\"https:\/\/akhisarkoleji.com\/romanyada-son-calisma-gunu\/\">Continue reading<\/a><\/p>\t\t\t\t\t\t\t\t\t<\/div><!-- .entry-content -->\n\t\t\t\n\t\t\t\n\t\t\t\t\t<\/div>\n\t<\/div>\n<\/article><!-- #post -->\n\n\n\t\t\t\t\t\t\t\t\t\t\t\n<article id=\"post-69135\" class=\"blog-design-small-images blog-post-loop blog-style-bg wd-add-shadow post-69135 post type-post status-publish format-standard has-post-thumbnail hentry category-ozel-akhisar-koleji-ortaokulu tag-erasmus\">\n\t<div class=\"article-inner\">\n\t\t\t\t\t<header class=\"entry-header\">\n\t\t\t\t\t\t\t\t\t\n\t\t\t\t\t<figure id=\"carousel-137\" class=\"entry-thumbnail\" data-owl-carousel data-hide_pagination_control=\"yes\" data-desktop=\"1\" data-tablet=\"1\" data-tablet_landscape=\"1\" data-mobile=\"1\">\n\t\t\t\t\t\t\n\t\t\t\t\t\t\t<div class=\"post-img-wrapp\">\n\t\t\t\t\t\t\t\t<a href=\"https:\/\/akhisarkoleji.com\/akhisar-koleji-erasmus-tales-projesi-romanya-etkinliklerinde-veda-yemegi-ve-sertifika-toreni\/\">\n\t\t\t\t\t\t\t\t\t<img width=\"1024\" height=\"768\" src=\"https:\/\/akhisarkoleji.com\/wp-content\/uploads\/2022\/10\/IMG-20221020-WA0025-1024x768.jpg\" class=\"attachment-large wp-post-image attachment-large\" alt=\"\" title=\"IMG-20221020-WA0025\" decoding=\"async\" loading=\"lazy\" srcset=\"https:\/\/akhisarkoleji.com\/wp-content\/uploads\/2022\/10\/IMG-20221020-WA0025-1024x768.jpg 1024w, https:\/\/akhisarkoleji.com\/wp-content\/uploads\/2022\/10\/IMG-20221020-WA0025-300x225.jpg 300w, https:\/\/akhisarkoleji.com\/wp-content\/uploads\/2022\/10\/IMG-20221020-WA0025-768x576.jpg 768w, https:\/\/akhisarkoleji.com\/wp-content\/uploads\/2022\/10\/IMG-20221020-WA0025-1536x1152.jpg 1536w, https:\/\/akhisarkoleji.com\/wp-content\/uploads\/2022\/10\/IMG-20221020-WA0025.jpg 1600w\" sizes=\"(max-width: 1024px) 100vw, 1024px\" \/>\t\t\t\t\t\t\t\t<\/a>\n\t\t\t\t\t\t\t<\/div>\n\t\t\t\t\t\t\t<div class=\"post-image-mask\">\n\t\t\t\t\t\t\t\t<span><\/span>\n\t\t\t\t\t\t\t<\/div>\n\n\t\t\t\t\t\t\n\t\t\t\t\t<\/figure>\n\t\t\t\t\n\t\t\t\t\t\t\t\t\t\t\t\t<div class=\"post-date wd-post-date wd-style-with-bg\" onclick=\"\">\n\t\t\t\t<span class=\"post-date-day\">\n\t\t\t\t\t21\t\t\t\t<\/span>\n\t\t\t\t<span class=\"post-date-month\">\n\t\t\t\t\tEki\t\t\t\t<\/span>\n\t\t\t<\/div>\n\t\t\t\t\t\t\n\t\t\t<\/header><!-- .entry-header -->\n\n\t\t<div class=\"article-body-container\">\n\t\t\t\n\t\t\t\t\t\t\t\t\t<div class=\"meta-categories-wrapp\"><div class=\"meta-post-categories wd-post-cat wd-style-with-bg\"><a href=\"https:\/\/akhisarkoleji.com\/akhisar-koleji\/ozel-akhisar-koleji-ortaokulu\/\" rel=\"category tag\">Ortaokul<\/a><\/div><\/div>\n\t\t\t\t\n\t\t\t\t\t\t\t\t\t<h3 class=\"wd-entities-title title post-title\">\n\t\t\t\t\t\t<a href=\"https:\/\/akhisarkoleji.com\/akhisar-koleji-erasmus-tales-projesi-romanya-etkinliklerinde-veda-yemegi-ve-sertifika-toreni\/\" rel=\"bookmark\">Romanya Etkinliklerinde Veda Yeme\u011fi ve Sertifika T\u00f6reni<\/a>\n\t\t\t\t\t<\/h3>\n\t\t\t\t\n\t\t\t\t\t\t\t\t\t<div class=\"entry-meta wd-entry-meta\">\n\t\t\t\t\t\t\t\t\t<ul class=\"entry-meta-list\">\n\t\t\t\t\t\t\t\t\t<li class=\"modified-date\">\n\t\t\t\t\t\t\t\t<time class=\"updated\" datetime=\"2022-10-25T15:58:20+03:00\">\n\t\t\t25\/10\/2022\t\t<\/time>\n\t\t\t\t\t\t\t<\/li>\n\n\t\t\t\t\t\n\t\t\t\t\t\t\t\t\t\t\t<li class=\"meta-author\">\n\t\t\t\t\t\t\t\t\t<span>\n\t\t\t\t\t\t\tBy\t\t\t\t\t<\/span>\n\n\t\t\t\t\t<img alt='author-avatar' src='https:\/\/secure.gravatar.com\/avatar\/d25d40e00b72061d5ba43d24263c95e3?s=32&#038;d=mm&#038;r=g' srcset='https:\/\/secure.gravatar.com\/avatar\/d25d40e00b72061d5ba43d24263c95e3?s=64&#038;d=mm&#038;r=g 2x' class='avatar avatar-32 photo' height='32' width='32' loading='lazy' decoding='async'\/>\t\t\n\t\t<a href=\"https:\/\/akhisarkoleji.com\/author\/evrim\/\" rel=\"author\">\n\t\t\t<span class=\"vcard author author_name\">\n\t\t\t\t<span class=\"fn\">Haber Merkezi<\/span>\n\t\t\t<\/span>\n\t\t<\/a>\n\t\t\t\t\t\t\t\t<\/li>\n\t\t\t\t\t\n\t\t\t\t\t\n\t\t\t\t\t\t\t\t\t\t\t<li class=\"meta-reply\">\n\t\t\t\t\t\t\t<a href=\"https:\/\/akhisarkoleji.com\/akhisar-koleji-erasmus-tales-projesi-romanya-etkinliklerinde-veda-yemegi-ve-sertifika-toreni\/#respond\"><span class=\"replies-count\">0<\/span> <span class=\"replies-count-label\">comments<\/span><\/a>\t\t\t\t\t\t<\/li>\n\t\t\t\t\t\t\t\t\t\t\t\t<\/ul>\n\t\t\t\t\t\t\t<\/div><!-- .entry-meta -->\n\t\t\t\t\t\t\t\t\t\t\t<div class=\"hovered-social-icons wd-tltp wd-tltp-top\">\n\t\t\t\t\t\t\t<div class=\"wd-tooltip-label\">\n\t\t\t\t\t\t\t\t\n\t\t\t<div class=\"wd-social-icons  icons-design-default icons-size-small color-scheme-light social-share social-form-circle text-center\">\n\n\t\t\t\t\n\t\t\t\t\t\t\t\t\t<a rel=\"noopener noreferrer nofollow\" href=\"https:\/\/www.facebook.com\/sharer\/sharer.php?u=https:\/\/akhisarkoleji.com\/akhisar-koleji-erasmus-tales-projesi-romanya-etkinliklerinde-veda-yemegi-ve-sertifika-toreni\/\" target=\"_blank\" class=\" wd-social-icon social-facebook\" aria-label=\"Facebook social link\">\n\t\t\t\t\t\t<span class=\"wd-icon\"><\/span>\n\t\t\t\t\t\t\t\t\t\t\t<\/a>\n\t\t\t\t\n\t\t\t\t\t\t\t\t\t<a rel=\"noopener noreferrer nofollow\" href=\"https:\/\/twitter.com\/share?url=https:\/\/akhisarkoleji.com\/akhisar-koleji-erasmus-tales-projesi-romanya-etkinliklerinde-veda-yemegi-ve-sertifika-toreni\/\" target=\"_blank\" class=\" wd-social-icon social-twitter\" aria-label=\"Twitter social link\">\n\t\t\t\t\t\t<span class=\"wd-icon\"><\/span>\n\t\t\t\t\t\t\t\t\t\t\t<\/a>\n\t\t\t\t\n\t\t\t\t\n\t\t\t\t\n\t\t\t\t\n\t\t\t\t\t\t\t\t\t<a rel=\"noopener noreferrer nofollow\" href=\"https:\/\/pinterest.com\/pin\/create\/button\/?url=https:\/\/akhisarkoleji.com\/akhisar-koleji-erasmus-tales-projesi-romanya-etkinliklerinde-veda-yemegi-ve-sertifika-toreni\/&media=https:\/\/akhisarkoleji.com\/wp-content\/uploads\/2022\/10\/IMG-20221020-WA0025.jpg&description=Romanya+Etkinliklerinde+Veda+Yeme%C4%9Fi+ve+Sertifika+T%C3%B6reni\" target=\"_blank\" class=\" wd-social-icon social-pinterest\" aria-label=\"Pinterest social link\">\n\t\t\t\t\t\t<span class=\"wd-icon\"><\/span>\n\t\t\t\t\t\t\t\t\t\t\t<\/a>\n\t\t\t\t\n\t\t\t\t\n\t\t\t\t\t\t\t\t\t<a rel=\"noopener noreferrer nofollow\" href=\"https:\/\/www.linkedin.com\/shareArticle?mini=true&url=https:\/\/akhisarkoleji.com\/akhisar-koleji-erasmus-tales-projesi-romanya-etkinliklerinde-veda-yemegi-ve-sertifika-toreni\/\" target=\"_blank\" class=\" wd-social-icon social-linkedin\" aria-label=\"Linkedin social link\">\n\t\t\t\t\t\t<span class=\"wd-icon\"><\/span>\n\t\t\t\t\t\t\t\t\t\t\t<\/a>\n\t\t\t\t\n\t\t\t\t\n\t\t\t\t\n\t\t\t\t\n\t\t\t\t\n\t\t\t\t\n\t\t\t\t\n\t\t\t\t\n\t\t\t\t\n\t\t\t\t\n\t\t\t\t\t\t\t\t\n\t\t\t\t\t\t\t\t\n\t\t\t\t\n\t\t\t\t\t\t\t\t\t<a rel=\"noopener noreferrer nofollow\" href=\"https:\/\/telegram.me\/share\/url?url=https:\/\/akhisarkoleji.com\/akhisar-koleji-erasmus-tales-projesi-romanya-etkinliklerinde-veda-yemegi-ve-sertifika-toreni\/\" target=\"_blank\" class=\" wd-social-icon social-tg\" aria-label=\"Telegram social link\">\n\t\t\t\t\t\t<span class=\"wd-icon\"><\/span>\n\t\t\t\t\t\t\t\t\t\t\t<\/a>\n\t\t\t\t\t\t\t\t\n\t\t\t\t\n\t\t\t<\/div>\n\n\t\t\t\t\t\t\t\t\t<\/div>\n\t\t\t\t\t\t<\/div>\n\t\t\t\t\t\t\t\t\t\t\t\t\n\t\t\t\t\t\t\t<div class=\"entry-content wd-entry-content\">\n\t\t\t\t\t\nErasmys+ TALES projesi \u00e7al\u0131\u015fmalar\u0131 i\u00e7in Romanya'da bulunan Akhisar Koleji Ortaokul \u00f6grencileri ile di\u011fer be\u015f Avru...<p class=\"read-more-section\"><a class=\"btn-read-more more-link\" href=\"https:\/\/akhisarkoleji.com\/akhisar-koleji-erasmus-tales-projesi-romanya-etkinliklerinde-veda-yemegi-ve-sertifika-toreni\/\">Continue reading<\/a><\/p>\t\t\t\t\t\t\t\t\t<\/div><!-- .entry-content -->\n\t\t\t\n\t\t\t\n\t\t\t\t\t<\/div>\n\t<\/div>\n<\/article><!-- #post -->\n\n\n\t\t\t\t\t\n\t\t\t\t\t","status":"have-posts","nextPage":"https:\/\/akhisarkoleji.com\/author\/evrim\/page\/3\/?woo_ajax=1","currentPage":"https:\/\/akhisarkoleji.com\/author\/evrim\/page\/2"}